{"id":96,"date":"2019-06-12T03:02:28","date_gmt":"2019-06-12T03:02:28","guid":{"rendered":"http:\/\/srv190.teste.website\/~race\/?p=96"},"modified":"2019-08-06T17:28:11","modified_gmt":"2019-08-06T20:28:11","slug":"os-dez-perfumes-internacionais-femininos-mais-vendidos-no-brasil","status":"publish","type":"post","link":"https:\/\/www.raceessencias.com.br\/?p=96","title":{"rendered":"Os Dez Perfumes internacionais Femininos mais vendidos no Brasil"},"content":{"rendered":"<p><span style=\"font-size: 12pt;\"><img loading=\"lazy\" decoding=\"async\" class=\"wp-image-98 size-full alignleft\" src=\"http:\/\/srv190.teste.website\/~race\/wp-content\/uploads\/2019\/06\/10-1.jpg\" alt=\"\" width=\"76\" height=\"81\" srcset=\"https:\/\/www.raceessencias.com.br\/wp-content\/uploads\/2019\/06\/10-1.jpg 76w, https:\/\/www.raceessencias.com.br\/wp-content\/uploads\/2019\/06\/10-1-47x50.jpg 47w, https:\/\/www.raceessencias.com.br\/wp-content\/uploads\/2019\/06\/10-1-70x75.jpg 70w\" sizes=\"auto, (max-width: 76px) 100vw, 76px\" \/><strong>212 Vip \u2013 Carolina Herrera<\/strong><\/span><br \/>\n<span style=\"font-size: 12pt;\">Descri\u00e7\u00e3o: A fragr\u00e2ncia abre com um coquetel de frutas de maracuj\u00e1 e rum. O cora\u00e7\u00e3o \u00e9 mais floral com gard\u00eania. O vibrante e seco quente misturam-se \u00e0 baunilha, \u00e0 fava-tonka e \u00e0s notas amadeiradas.<\/span><br \/>\n<span style=\"font-size: 12pt;\">Fam\u00edlia Olfativa: Oriental\/Amadeirado<\/span><\/p>\n<p>&nbsp;<\/p>\n<p><span style=\"font-size: 12pt;\"><img loading=\"lazy\" decoding=\"async\" class=\"size-full wp-image-99 alignleft\" src=\"http:\/\/srv190.teste.website\/~race\/wp-content\/uploads\/2019\/06\/10-2.jpg\" alt=\"\" width=\"83\" height=\"85\" srcset=\"https:\/\/www.raceessencias.com.br\/wp-content\/uploads\/2019\/06\/10-2.jpg 83w, https:\/\/www.raceessencias.com.br\/wp-content\/uploads\/2019\/06\/10-2-50x50.jpg 50w, https:\/\/www.raceessencias.com.br\/wp-content\/uploads\/2019\/06\/10-2-73x75.jpg 73w\" sizes=\"auto, (max-width: 83px) 100vw, 83px\" \/><strong>J\u2019adore \u2013 Dior<\/strong><\/span><br \/>\n<span style=\"font-size: 12pt;\">Descri\u00e7\u00e3o: Buqu\u00ea floral brilhante, alegre, confiante e determinado. Combina flores como a Champaca (esp\u00e9cie de magn\u00f3lia da \u00cdndia de aroma fresco, frutal e ex\u00f3tico), a violeta da Fran\u00e7a e orqu\u00eddea cristalizada). No fundo, a madeira do pau-roxo, cujo aroma lembra o de cravo mais amadeirado e mais suave, combina-se com uma nota de vinho de Banyuls e de ameixa confeitada.<\/span><br \/>\n<span style=\"font-size: 12pt;\">Fam\u00edlia Olfativa: Floral\/Frutal<\/span><\/p>\n<p>&nbsp;<\/p>\n<p><span style=\"font-size: 12pt;\"><img loading=\"lazy\" decoding=\"async\" class=\"size-full wp-image-100 alignleft\" src=\"http:\/\/srv190.teste.website\/~race\/wp-content\/uploads\/2019\/06\/10-3.jpg\" alt=\"\" width=\"85\" height=\"91\" srcset=\"https:\/\/www.raceessencias.com.br\/wp-content\/uploads\/2019\/06\/10-3.jpg 85w, https:\/\/www.raceessencias.com.br\/wp-content\/uploads\/2019\/06\/10-3-47x50.jpg 47w, https:\/\/www.raceessencias.com.br\/wp-content\/uploads\/2019\/06\/10-3-70x75.jpg 70w\" sizes=\"auto, (max-width: 85px) 100vw, 85px\" \/><strong>Hypn\u00f4se \u2013 Lanc\u00f4me<\/strong><\/span><br \/>\n<span style=\"font-size: 12pt;\">Descri\u00e7\u00e3o: O reencontro sensual da baunilha e do vetiver em uma nova ess\u00eancia oriental solar amadeirada. A flor do maracuj\u00e1, ou flor da paix\u00e3o, traz uma luminosidade ex\u00f3tica refor\u00e7ada pelo calor solar do jasmim Sambac.<\/span><br \/>\n<span style=\"font-size: 12pt;\">Fam\u00edlia Olfativa: Oriental\/Amadeirado<\/span><\/p>\n<p>&nbsp;<\/p>\n<p><span style=\"font-size: 12pt;\"><img loading=\"lazy\" decoding=\"async\" class=\"size-full wp-image-101 alignleft\" src=\"http:\/\/srv190.teste.website\/~race\/wp-content\/uploads\/2019\/06\/10-4.jpg\" alt=\"\" width=\"104\" height=\"75\" srcset=\"https:\/\/www.raceessencias.com.br\/wp-content\/uploads\/2019\/06\/10-4.jpg 104w, https:\/\/www.raceessencias.com.br\/wp-content\/uploads\/2019\/06\/10-4-50x36.jpg 50w\" sizes=\"auto, (max-width: 104px) 100vw, 104px\" \/><strong>CH \u2013 Carolina Herrera<\/strong><\/span><br \/>\n<span style=\"font-size: 12pt;\">Descri\u00e7\u00e3o:O perfume revela inicialmente notas frutais e refrescantes de lim\u00e3o, toranja e mel\u00e3o. O cora\u00e7\u00e3o \u00e9 mais floral e apimentado em uma combina\u00e7\u00e3o de jasmim, rosa, pralin\u00ea e canela. O fundo quente e amadeirado mistura madeira de s\u00e2ndalo, camur\u00e7a e patchouli.<\/span><br \/>\n<span style=\"font-size: 12pt;\">Fam\u00edlia Olfativa:Oriental\/Amadeirado<\/span><\/p>\n<p>&nbsp;<\/p>\n<p><span style=\"font-size: 12pt;\"><img loading=\"lazy\" decoding=\"async\" class=\"size-full wp-image-102 alignleft\" src=\"http:\/\/srv190.teste.website\/~race\/wp-content\/uploads\/2019\/06\/10-5.jpg\" alt=\"\" width=\"71\" height=\"78\" srcset=\"https:\/\/www.raceessencias.com.br\/wp-content\/uploads\/2019\/06\/10-5.jpg 71w, https:\/\/www.raceessencias.com.br\/wp-content\/uploads\/2019\/06\/10-5-46x50.jpg 46w, https:\/\/www.raceessencias.com.br\/wp-content\/uploads\/2019\/06\/10-5-68x75.jpg 68w\" sizes=\"auto, (max-width: 71px) 100vw, 71px\" \/><strong>Flower by Kenzo \u2013 Kenzo<\/strong><\/span><br \/>\n<span style=\"font-size: 12pt;\">Descri\u00e7\u00e3o:Flower by Kenzo \u00e9 um floral-sensual com uma nota de cora\u00e7\u00e3o marcante, caracterizado pela violeta de Parma e a rosa da Bulg\u00e1ria e por um fundo doce e talcado \u00e0 base da mirra doce, baunilha e alm\u00edscar branco.<\/span><br \/>\n<span style=\"font-size: 12pt;\">Fam\u00edlia Olfativa: Oriental\/Floral<\/span><\/p>\n<p>&nbsp;<\/p>\n<p><span style=\"font-size: 12pt;\"><img loading=\"lazy\" decoding=\"async\" class=\"size-full wp-image-103 alignleft\" src=\"http:\/\/srv190.teste.website\/~race\/wp-content\/uploads\/2019\/06\/10-6.jpg\" alt=\"\" width=\"84\" height=\"87\" srcset=\"https:\/\/www.raceessencias.com.br\/wp-content\/uploads\/2019\/06\/10-6.jpg 84w, https:\/\/www.raceessencias.com.br\/wp-content\/uploads\/2019\/06\/10-6-48x50.jpg 48w, https:\/\/www.raceessencias.com.br\/wp-content\/uploads\/2019\/06\/10-6-72x75.jpg 72w\" sizes=\"auto, (max-width: 84px) 100vw, 84px\" \/><strong>212 Sexy \u2013 Carolina Herrera<\/strong><\/span><br \/>\n<span style=\"font-size: 12pt;\">Descri\u00e7\u00e3o:212 Sexy se abre com notas florais e orientais, pontuada por toques gastron\u00f4micas frutais e gourmand.<\/span><br \/>\n<span style=\"font-size: 12pt;\">Fam\u00edlia Olfativa: Oriental\/Floral<\/span><\/p>\n<p>&nbsp;<\/p>\n<p><span style=\"font-size: 12pt;\"><img loading=\"lazy\" decoding=\"async\" class=\"wp-image-104 size-full alignleft\" src=\"http:\/\/srv190.teste.website\/~race\/wp-content\/uploads\/2019\/06\/10-7.jpg\" alt=\"\" width=\"79\" height=\"78\" srcset=\"https:\/\/www.raceessencias.com.br\/wp-content\/uploads\/2019\/06\/10-7.jpg 79w, https:\/\/www.raceessencias.com.br\/wp-content\/uploads\/2019\/06\/10-7-50x50.jpg 50w, https:\/\/www.raceessencias.com.br\/wp-content\/uploads\/2019\/06\/10-7-76x75.jpg 76w\" sizes=\"auto, (max-width: 79px) 100vw, 79px\" \/>212 \u2013 Carolina Herrera<br \/>\n<\/span><span style=\"font-size: 12pt;\">Descri\u00e7\u00e3o: Sua nota de impress\u00e3o final floral combina o frescor e a leveza da presen\u00e7a da flor de laranjeira, da bergamota e da tangerina. O cora\u00e7\u00e3o, sempre floral e elegante, \u00e9 composto de cam\u00e9lia, gard\u00eania e flor de lis. Seu fundo, de uma grande riqueza sensual, traz os aromas de madeira de s\u00e2ndalo e de alm\u00edscares transparentes. Essa fragr\u00e2ncia internacional, concebida para todas as horas do dia e adequada para todas as esta\u00e7\u00f5es.<\/span><br \/>\n<span style=\"font-size: 12pt;\">Fam\u00edlia Olfativa: Floral\/Frutal<\/span><\/p>\n<p>&nbsp;<\/p>\n<p><span style=\"font-size: 12pt;\"><img loading=\"lazy\" decoding=\"async\" class=\"size-full wp-image-105 alignleft\" src=\"http:\/\/srv190.teste.website\/~race\/wp-content\/uploads\/2019\/06\/10-8.jpg\" alt=\"\" width=\"89\" height=\"87\" srcset=\"https:\/\/www.raceessencias.com.br\/wp-content\/uploads\/2019\/06\/10-8.jpg 89w, https:\/\/www.raceessencias.com.br\/wp-content\/uploads\/2019\/06\/10-8-50x50.jpg 50w, https:\/\/www.raceessencias.com.br\/wp-content\/uploads\/2019\/06\/10-8-77x75.jpg 77w\" sizes=\"auto, (max-width: 89px) 100vw, 89px\" \/><strong>Lady Million \u2013 Paco Rabanne<\/strong><\/span><br \/>\n<span style=\"font-size: 12pt;\">Descri\u00e7\u00e3o: Apresentado como um floral com ervas, o perfume Lady Million revela inicialmente uma nota frutal da laranja amarga (bigarade) embelezada com a framboesa. No cora\u00e7\u00e3o, a fragr\u00e2ncia \u00e9 floral e doce em uma combina\u00e7\u00e3o de jasmim e da flor da laranjeira. O fundo com ervas \u00e9 aquecido com um toque saboroso de mel.<\/span><br \/>\n<span style=\"font-size: 12pt;\">Fam\u00edlia Olfativa: Floral\/Amadeirada Musk<\/span><\/p>\n<p>&nbsp;<\/p>\n<p><span style=\"font-size: 12pt;\"><img loading=\"lazy\" decoding=\"async\" class=\"size-full wp-image-106 alignleft\" src=\"http:\/\/srv190.teste.website\/~race\/wp-content\/uploads\/2019\/06\/10-9.jpg\" alt=\"\" width=\"80\" height=\"84\" srcset=\"https:\/\/www.raceessencias.com.br\/wp-content\/uploads\/2019\/06\/10-9.jpg 80w, https:\/\/www.raceessencias.com.br\/wp-content\/uploads\/2019\/06\/10-9-48x50.jpg 48w, https:\/\/www.raceessencias.com.br\/wp-content\/uploads\/2019\/06\/10-9-71x75.jpg 71w\" sizes=\"auto, (max-width: 80px) 100vw, 80px\" \/><strong>Ange ou D\u00e9mon -Givenchy<\/strong><\/span><br \/>\n<span style=\"font-size: 12pt;\">Descri\u00e7\u00e3o:Uma fragr\u00e2ncia sutil, m\u00faltipla e paradoxal em que se misturam a sensualidade arrebatadora, a do\u00e7ura e a leveza. A nota de sa\u00edda doce e cintilante revela a tangerina junto a tra\u00e7os de tomilho branco e de a\u00e7afr\u00e3o. No cora\u00e7\u00e3o, a flor-de-lis, tradicionalmente opulenta, \u00e9 trabalhada com delicadeza e brilho. Ela associa-se aos aromas da orqu\u00eddea Maxillaria e ao &#8216;exotismo cativante&#8217; do ylang-ylang. No fundo, unem-se duas notas herbais: a maciez do jacarand\u00e1 e a densidade do absoluto de carvalho. A sensualidade envolvente da fava-tonka e da baunilha finalizam a fragr\u00e2ncia.<\/span><br \/>\n<span style=\"font-size: 12pt;\">Fam\u00edlia Olfativa: Oriental\/Floral<\/span><\/p>\n<p>&nbsp;<\/p>\n<p><span style=\"font-size: 12pt;\"><img loading=\"lazy\" decoding=\"async\" class=\"size-full wp-image-107 alignleft\" src=\"http:\/\/srv190.teste.website\/~race\/wp-content\/uploads\/2019\/06\/10-10.jpg\" alt=\"\" width=\"106\" height=\"79\" srcset=\"https:\/\/www.raceessencias.com.br\/wp-content\/uploads\/2019\/06\/10-10.jpg 106w, https:\/\/www.raceessencias.com.br\/wp-content\/uploads\/2019\/06\/10-10-50x37.jpg 50w, https:\/\/www.raceessencias.com.br\/wp-content\/uploads\/2019\/06\/10-10-101x75.jpg 101w\" sizes=\"auto, (max-width: 106px) 100vw, 106px\" \/><strong>Black Xs For Her &#8211; Paco Rabanne<\/strong><\/span><br \/>\n<span style=\"font-size: 12pt;\">Descri\u00e7\u00e3o:Uma abertura de frutas condimentada com pimenta-rosa e flor de tamarindo. Um cora\u00e7\u00e3o floral \u2018negro\u2019 em torno da &#8220;rosa hellebore&#8221;, da violeta negra e da flor do cacau. O fundo de \u00e2mbar com ervas saborosas \u00e9 misturado \u00e0 baunilha aos tra\u00e7os de madeira seca (patchouli) e madeiras cremosas (massoia).<\/span><br \/>\n<span style=\"font-size: 12pt;\">Fam\u00edlia Olfativa:Floral\/Frutal<\/span><\/p>\n","protected":false},"excerpt":{"rendered":"<p>212 Vip \u2013 Carolina Herrera Descri\u00e7\u00e3o: A fragr\u00e2ncia abre com um coquetel de frutas de maracuj\u00e1 e rum. O cora\u00e7\u00e3o \u00e9 mais floral com gard\u00eania. O<span class=\"excerpt-hellip\"> [\u2026]<\/span><\/p>\n","protected":false},"author":3,"featured_media":79,"comment_status":"open","ping_status":"open","sticky":false,"template":"","format":"standard","meta":{"footnotes":""},"categories":[17],"tags":[],"class_list":["post-96","post","type-post","status-publish","format-standard","has-post-thumbnail","hentry","category-destaques"],"_links":{"self":[{"href":"https:\/\/www.raceessencias.com.br\/index.php?rest_route=\/wp\/v2\/posts\/96","targetHints":{"allow":["GET"]}}],"collection":[{"href":"https:\/\/www.raceessencias.com.br\/index.php?rest_route=\/wp\/v2\/posts"}],"about":[{"href":"https:\/\/www.raceessencias.com.br\/index.php?rest_route=\/wp\/v2\/types\/post"}],"author":[{"embeddable":true,"href":"https:\/\/www.raceessencias.com.br\/index.php?rest_route=\/wp\/v2\/users\/3"}],"replies":[{"embeddable":true,"href":"https:\/\/www.raceessencias.com.br\/index.php?rest_route=%2Fwp%2Fv2%2Fcomments&post=96"}],"version-history":[{"count":3,"href":"https:\/\/www.raceessencias.com.br\/index.php?rest_route=\/wp\/v2\/posts\/96\/revisions"}],"predecessor-version":[{"id":109,"href":"https:\/\/www.raceessencias.com.br\/index.php?rest_route=\/wp\/v2\/posts\/96\/revisions\/109"}],"wp:featuredmedia":[{"embeddable":true,"href":"https:\/\/www.raceessencias.com.br\/index.php?rest_route=\/wp\/v2\/media\/79"}],"wp:attachment":[{"href":"https:\/\/www.raceessencias.com.br\/index.php?rest_route=%2Fwp%2Fv2%2Fmedia&parent=96"}],"wp:term":[{"taxonomy":"category","embeddable":true,"href":"https:\/\/www.raceessencias.com.br\/index.php?rest_route=%2Fwp%2Fv2%2Fcategories&post=96"},{"taxonomy":"post_tag","embeddable":true,"href":"https:\/\/www.raceessencias.com.br\/index.php?rest_route=%2Fwp%2Fv2%2Ftags&post=96"}],"curies":[{"name":"wp","href":"https:\/\/api.w.org\/{rel}","templated":true}]}}