{"id":84,"date":"2019-06-12T02:50:41","date_gmt":"2019-06-12T05:50:41","guid":{"rendered":"http:\/\/srv190.teste.website\/~race\/?p=84"},"modified":"2022-02-24T20:06:48","modified_gmt":"2022-02-24T23:06:48","slug":"25-anos-no-mercado-de-fragrancias","status":"publish","type":"post","link":"https:\/\/www.raceessencias.com.br\/?p=84","title":{"rendered":"25 anos no mercado de fragr\u00e2ncias"},"content":{"rendered":"<p style=\"text-align: center;\"><img loading=\"lazy\" decoding=\"async\" class=\"alignnone wp-image-85 size-full\" src=\"http:\/\/srv190.teste.website\/~race\/wp-content\/uploads\/2019\/06\/25anos.jpg\" alt=\"\" width=\"504\" height=\"274\" srcset=\"https:\/\/www.raceessencias.com.br\/wp-content\/uploads\/2019\/06\/25anos.jpg 504w, https:\/\/www.raceessencias.com.br\/wp-content\/uploads\/2019\/06\/25anos-300x163.jpg 300w, https:\/\/www.raceessencias.com.br\/wp-content\/uploads\/2019\/06\/25anos-260x141.jpg 260w, https:\/\/www.raceessencias.com.br\/wp-content\/uploads\/2019\/06\/25anos-50x27.jpg 50w, https:\/\/www.raceessencias.com.br\/wp-content\/uploads\/2019\/06\/25anos-138x75.jpg 138w\" sizes=\"auto, (max-width: 504px) 100vw, 504px\" \/><\/p>\n<p style=\"text-align: center;\"><strong><span style=\"font-size: 12pt;\">A Race completa no dia 16 de agosto 25 anos no mercado de fragr\u00e2ncias.<\/span><\/strong><br \/>\n<strong><span style=\"font-size: 12pt;\">Gostar\u00edamos de agradecer a todos, especialmente nossos clientes, que fazem parte desta hist\u00f3ria.<\/span><\/strong><\/p>\n<p style=\"text-align: justify;\"><span style=\"font-size: 12pt;\">O perfume \u00e9 uma forma de comunica\u00e7\u00e3o entre as pessoas. Isso porque, quando escolhemos uma fragr\u00e2ncia, tentamos transmitir atrav\u00e9s dela nossa personalidade, o que estamos sentindo e quais s\u00e3o as nossas inten\u00e7\u00f5es. Atrav\u00e9s do perfume somos notados e deixamos nossa marca. O olfato nos faz lembrar de produtos, lugares, emo\u00e7\u00f5es, pessoas e momentos. Nossa mem\u00f3ria olfativa desvenda, associa, cria e busca fragr\u00e2ncias que nos envolvem com agrad\u00e1veis sensa\u00e7\u00f5es de bem estar. Portanto, nosso objetivo \u00e9 fornecer para o mercado, ess\u00eancias da mais alta qualidade e para comemorar esta data com criatividade, ousadia e confiabilidade, a Race lan\u00e7a as seguintes fragr\u00e2ncias:<\/span><\/p>\n<p>&nbsp;<\/p>\n<h3>Ess\u00eancia Party For Women-Linha Feminina<\/h3>\n<p style=\"text-align: justify;\"><span style=\"font-size: 12pt;\">Um atraente e sutil buqu\u00ea floral de Rosa, Jasmim Sambac e Ger\u00e2nio, envolvidos pela brisa fresca da Bergamota e Mandarina, resultando em um agrad\u00e1vel efeito natural de flores frescas. O fundo \u00e9 composto essencialmente de Alm\u00edscar branco e Vetiver.<\/span><\/p>\n<p style=\"text-align: center;\"><img loading=\"lazy\" decoding=\"async\" class=\"alignnone wp-image-86 size-full\" src=\"http:\/\/srv190.teste.website\/~race\/wp-content\/uploads\/2019\/06\/22-2.jpg\" alt=\"\" width=\"703\" height=\"236\" srcset=\"https:\/\/www.raceessencias.com.br\/wp-content\/uploads\/2019\/06\/22-2.jpg 703w, https:\/\/www.raceessencias.com.br\/wp-content\/uploads\/2019\/06\/22-2-300x101.jpg 300w, https:\/\/www.raceessencias.com.br\/wp-content\/uploads\/2019\/06\/22-2-260x87.jpg 260w, https:\/\/www.raceessencias.com.br\/wp-content\/uploads\/2019\/06\/22-2-50x17.jpg 50w, https:\/\/www.raceessencias.com.br\/wp-content\/uploads\/2019\/06\/22-2-150x50.jpg 150w, https:\/\/www.raceessencias.com.br\/wp-content\/uploads\/2019\/06\/22-2-600x201.jpg 600w\" sizes=\"auto, (max-width: 703px) 100vw, 703px\" \/><\/p>\n<h3><\/h3>\n<p>&nbsp;<\/p>\n<h3>Ess\u00eancia Party For Men- Linha Masculina<\/h3>\n<p style=\"text-align: justify;\"><span style=\"font-size: 12pt;\">A fragr\u00e2ncia \u00e9 fresca, por\u00e9m, sensual. As notas de sa\u00edda, nos trazem uma sensa\u00e7\u00e3o cristalina que se expressa gra\u00e7as a um coquetel de alde\u00eddos, \u00f3leos c\u00edtricos e a uma nota aqu\u00e1tica. A fragr\u00e2ncia conserva sua for\u00e7a amadeirada e apimentada, com uma tonalidade de Patchouly muito mais a\u00e9rea. Alm\u00edscares brancos, o S\u00e2ndalo e a Fava Tonka imprimem ao perfume uma nova sensualidade.<\/span><\/p>\n<p style=\"text-align: center;\"><img loading=\"lazy\" decoding=\"async\" class=\"alignnone wp-image-87 size-full\" src=\"http:\/\/srv190.teste.website\/~race\/wp-content\/uploads\/2019\/06\/22-3.jpg\" alt=\"\" width=\"703\" height=\"236\" srcset=\"https:\/\/www.raceessencias.com.br\/wp-content\/uploads\/2019\/06\/22-3.jpg 703w, https:\/\/www.raceessencias.com.br\/wp-content\/uploads\/2019\/06\/22-3-300x101.jpg 300w, https:\/\/www.raceessencias.com.br\/wp-content\/uploads\/2019\/06\/22-3-260x87.jpg 260w, https:\/\/www.raceessencias.com.br\/wp-content\/uploads\/2019\/06\/22-3-50x17.jpg 50w, https:\/\/www.raceessencias.com.br\/wp-content\/uploads\/2019\/06\/22-3-150x50.jpg 150w, https:\/\/www.raceessencias.com.br\/wp-content\/uploads\/2019\/06\/22-3-600x201.jpg 600w\" sizes=\"auto, (max-width: 703px) 100vw, 703px\" \/><\/p>\n<h3><\/h3>\n<h3>Ess\u00eancia Race SPA- Linha de Difusores e Aromatizantes<\/h3>\n<p style=\"text-align: justify;\"><span style=\"font-size: 12pt;\">Race SPS \u00e9 uma fragr\u00e2ncia t\u00f4nica, cintilante e energizante, imitando uma grande cesta de c\u00edtricos na qual encontramos laranjas sob todas as formas (folhas, frutos e flores), o frescor estimulante do Lim\u00e3o e a vivacidade do Eucalipto. No fundo adicionamos Alm\u00edscar branco para sustentar toda leveza dessa cria\u00e7\u00e3o.<\/span><\/p>\n<p style=\"text-align: center;\"><img loading=\"lazy\" decoding=\"async\" class=\"alignnone wp-image-88 size-full\" src=\"http:\/\/srv190.teste.website\/~race\/wp-content\/uploads\/2019\/06\/22-4.jpg\" alt=\"\" width=\"703\" height=\"236\" srcset=\"https:\/\/www.raceessencias.com.br\/wp-content\/uploads\/2019\/06\/22-4.jpg 703w, https:\/\/www.raceessencias.com.br\/wp-content\/uploads\/2019\/06\/22-4-300x101.jpg 300w, https:\/\/www.raceessencias.com.br\/wp-content\/uploads\/2019\/06\/22-4-260x87.jpg 260w, https:\/\/www.raceessencias.com.br\/wp-content\/uploads\/2019\/06\/22-4-50x17.jpg 50w, https:\/\/www.raceessencias.com.br\/wp-content\/uploads\/2019\/06\/22-4-150x50.jpg 150w, https:\/\/www.raceessencias.com.br\/wp-content\/uploads\/2019\/06\/22-4-600x201.jpg 600w\" sizes=\"auto, (max-width: 703px) 100vw, 703px\" \/><\/p>\n<h3><\/h3>\n<h3>Ess\u00eancia Race Studio- Linha de Cosm\u00e9ticos<\/h3>\n<p style=\"text-align: justify;\"><span style=\"font-size: 12pt;\">Notas cintilantes iniciais, conduzem essa fragr\u00e2ncia c\u00edtrica e de groselha at\u00e9 a nota de fundo. No cora\u00e7\u00e3o encontramos a sensualidade de ameixa, combinada a um buqu\u00ea de Rosas e Violetas.<\/span><\/p>\n<p style=\"text-align: center;\"><img loading=\"lazy\" decoding=\"async\" class=\"alignnone wp-image-89 size-full\" src=\"http:\/\/srv190.teste.website\/~race\/wp-content\/uploads\/2019\/06\/22-5.jpg\" alt=\"\" width=\"703\" height=\"236\" srcset=\"https:\/\/www.raceessencias.com.br\/wp-content\/uploads\/2019\/06\/22-5.jpg 703w, https:\/\/www.raceessencias.com.br\/wp-content\/uploads\/2019\/06\/22-5-300x101.jpg 300w, https:\/\/www.raceessencias.com.br\/wp-content\/uploads\/2019\/06\/22-5-260x87.jpg 260w, https:\/\/www.raceessencias.com.br\/wp-content\/uploads\/2019\/06\/22-5-50x17.jpg 50w, https:\/\/www.raceessencias.com.br\/wp-content\/uploads\/2019\/06\/22-5-150x50.jpg 150w, https:\/\/www.raceessencias.com.br\/wp-content\/uploads\/2019\/06\/22-5-600x201.jpg 600w\" sizes=\"auto, (max-width: 703px) 100vw, 703px\" \/><\/p>\n<h3><\/h3>\n<h3>Ess\u00eancia Marine- Linha de Household<\/h3>\n<p style=\"text-align: justify;\"><span style=\"font-size: 12pt;\">Fragr\u00e2ncia flora Verde alde\u00eddica, onde combinamos \u00f3leos essenciais c\u00edtricos e verdes que nos remetem a um ambiente limpo e fresco.<\/span><\/p>\n<p style=\"text-align: center;\"><img loading=\"lazy\" decoding=\"async\" class=\"alignnone wp-image-90 size-full\" src=\"http:\/\/srv190.teste.website\/~race\/wp-content\/uploads\/2019\/06\/22-6.jpg\" alt=\"\" width=\"703\" height=\"236\" srcset=\"https:\/\/www.raceessencias.com.br\/wp-content\/uploads\/2019\/06\/22-6.jpg 703w, https:\/\/www.raceessencias.com.br\/wp-content\/uploads\/2019\/06\/22-6-300x101.jpg 300w, https:\/\/www.raceessencias.com.br\/wp-content\/uploads\/2019\/06\/22-6-260x87.jpg 260w, https:\/\/www.raceessencias.com.br\/wp-content\/uploads\/2019\/06\/22-6-50x17.jpg 50w, https:\/\/www.raceessencias.com.br\/wp-content\/uploads\/2019\/06\/22-6-150x50.jpg 150w, https:\/\/www.raceessencias.com.br\/wp-content\/uploads\/2019\/06\/22-6-600x201.jpg 600w\" sizes=\"auto, (max-width: 703px) 100vw, 703px\" \/><\/p>\n<p style=\"text-align: justify;\"><span style=\"font-size: 12pt;\">Esses s\u00e3o apenas alguns de nossos lan\u00e7amentos, para conhecer a linha completa de lan\u00e7amentos 2015, entre em contato com o nosso Departamento Comercial de Vendas.<\/span><\/p>\n<p style=\"text-align: center;\"><span style=\"font-size: 14pt;\"><strong>Tel.: (21) 2501.9009 \u2013 Fax.: (21)2501.1174<\/strong> <\/span><\/p>\n","protected":false},"excerpt":{"rendered":"<p>A Race completa no dia 16 de agosto 25 anos no mercado de fragr\u00e2ncias. Gostar\u00edamos de agradecer a todos, especialmente nossos clientes, que fazem parte desta<span class=\"excerpt-hellip\"> [\u2026]<\/span><\/p>\n","protected":false},"author":3,"featured_media":85,"comment_status":"open","ping_status":"open","sticky":false,"template":"","format":"standard","meta":{"footnotes":""},"categories":[1],"tags":[],"class_list":["post-84","post","type-post","status-publish","format-standard","has-post-thumbnail","hentry","category-uncategorized"],"_links":{"self":[{"href":"https:\/\/www.raceessencias.com.br\/index.php?rest_route=\/wp\/v2\/posts\/84","targetHints":{"allow":["GET"]}}],"collection":[{"href":"https:\/\/www.raceessencias.com.br\/index.php?rest_route=\/wp\/v2\/posts"}],"about":[{"href":"https:\/\/www.raceessencias.com.br\/index.php?rest_route=\/wp\/v2\/types\/post"}],"author":[{"embeddable":true,"href":"https:\/\/www.raceessencias.com.br\/index.php?rest_route=\/wp\/v2\/users\/3"}],"replies":[{"embeddable":true,"href":"https:\/\/www.raceessencias.com.br\/index.php?rest_route=%2Fwp%2Fv2%2Fcomments&post=84"}],"version-history":[{"count":3,"href":"https:\/\/www.raceessencias.com.br\/index.php?rest_route=\/wp\/v2\/posts\/84\/revisions"}],"predecessor-version":[{"id":93,"href":"https:\/\/www.raceessencias.com.br\/index.php?rest_route=\/wp\/v2\/posts\/84\/revisions\/93"}],"wp:featuredmedia":[{"embeddable":true,"href":"https:\/\/www.raceessencias.com.br\/index.php?rest_route=\/wp\/v2\/media\/85"}],"wp:attachment":[{"href":"https:\/\/www.raceessencias.com.br\/index.php?rest_route=%2Fwp%2Fv2%2Fmedia&parent=84"}],"wp:term":[{"taxonomy":"category","embeddable":true,"href":"https:\/\/www.raceessencias.com.br\/index.php?rest_route=%2Fwp%2Fv2%2Fcategories&post=84"},{"taxonomy":"post_tag","embeddable":true,"href":"https:\/\/www.raceessencias.com.br\/index.php?rest_route=%2Fwp%2Fv2%2Ftags&post=84"}],"curies":[{"name":"wp","href":"https:\/\/api.w.org\/{rel}","templated":true}]}}